{"id":2733,"__str__":"Requerimento n\u00ba 41 de 2013","link_detail_backend":"/materia/2733","metadata":{},"numero":41,"ano":2013,"numero_protocolo":null,"data_apresentacao":"2013-09-16","tipo_apresentacao":"E","data_publicacao":null,"numero_origem_externa":"","ano_origem_externa":null,"data_origem_externa":null,"apelido":"","dias_prazo":null,"data_fim_prazo":null,"em_tramitacao":false,"polemica":false,"objeto":"","complementar":false,"ementa":"Requer envio de of\u00edcio ao secret\u00e1rio de Educa\u00e7\u00e3o e toda equipe, pela organiza\u00e7\u00e3o do desfili c\u00edvico.","indexacao":"Ofic\u00edo, secret\u00e1rio, educa\u00e7\u00e3o, desfile, c\u00edvico.","observacao":"","resultado":"","texto_original":"http://sapl.pains.mg.leg.br/media/sapl/public/materialegislativa/2013/2733/requerimento_41.pdf","data_ultima_atualizacao":"2021-07-27T15:25:50.932612-03:00","ip":"168.194.192.205","ultima_edicao":"2021-07-27T15:23:41.532612-03:00","tipo":3,"regime_tramitacao":1,"tipo_origem_externa":null,"local_origem_externa":null,"user":1,"anexadas":[],"autores":[26]}