{"id":2719,"__str__":"Requerimento n\u00ba 31 de 2013","link_detail_backend":"/materia/2719","metadata":{},"numero":31,"ano":2013,"numero_protocolo":null,"data_apresentacao":"2013-06-20","tipo_apresentacao":"","data_publicacao":null,"numero_origem_externa":"","ano_origem_externa":null,"data_origem_externa":null,"apelido":"","dias_prazo":null,"data_fim_prazo":null,"em_tramitacao":false,"polemica":false,"objeto":"","complementar":false,"ementa":"Requerem tramita\u00e7\u00e3o em regime de urg\u00eancia especial para  Projeto de Lei 1369, que disp\u00f5e sobre denomina\u00e7\u00e3o de pra\u00e7a e entro comunit\u00e1rio no Capoeir\u00e3o.","indexacao":"Tramita\u00e7\u00e3o, urg\u00eancia, PL, denomina\u00e7\u00e3o, pra\u00e7a, centro, Capoeir\u00e3o.","observacao":"","resultado":"","texto_original":"http://sapl.pains.mg.leg.br/media/sapl/public/materialegislativa/2013/2719/requerimento_31.pdf","data_ultima_atualizacao":"2021-07-27T14:22:25.385323-03:00","ip":"168.194.192.205","ultima_edicao":"2021-07-27T14:19:50.727776-03:00","tipo":3,"regime_tramitacao":1,"tipo_origem_externa":null,"local_origem_externa":null,"user":1,"anexadas":[],"autores":[23,26,22,2,24,1,11,25]}