{"id":2544,"__str__":"Mo\u00e7\u00e3o n\u00ba 45 de 2006","link_detail_backend":"/materia/2544","metadata":{},"numero":45,"ano":2006,"numero_protocolo":null,"data_apresentacao":"2006-09-18","tipo_apresentacao":"","data_publicacao":null,"numero_origem_externa":"","ano_origem_externa":null,"data_origem_externa":null,"apelido":"","dias_prazo":null,"data_fim_prazo":null,"em_tramitacao":false,"polemica":false,"objeto":"","complementar":false,"ementa":"Congratula\u00e7\u00e3o a Escola Municipal \"Jos\u00e9 Maria da Fonseca\", pelo desfilie c\u00edvico, no dia 7 de setembro de 2006.","indexacao":"Congratula\u00e7\u00e3o, Escola, Jos\u00e9, Maria, Fonseca, desfile, c\u00edvico, setembro.","observacao":"","resultado":"","texto_original":null,"data_ultima_atualizacao":"2021-07-12T13:34:48.619217-03:00","ip":"168.194.192.205","ultima_edicao":"2021-07-12T13:30:49.598987-03:00","tipo":7,"regime_tramitacao":1,"tipo_origem_externa":null,"local_origem_externa":null,"user":11,"anexadas":[],"autores":[13]}